{"id":12383,"date":"2026-03-20T14:36:22","date_gmt":"2026-03-20T13:36:22","guid":{"rendered":"https:\/\/congress.lubelskie.pl\/?p=12383"},"modified":"2026-03-20T14:42:25","modified_gmt":"2026-03-20T13:42:25","slug":"rada-programowa-samorzadowego-kongresu-trojmorza-2026","status":"publish","type":"post","link":"https:\/\/congress.lubelskie.pl\/en\/rada-programowa-samorzadowego-kongresu-trojmorza-2026\/","title":{"rendered":"Rada Programowa Samorz\u0105dowego Kongresu Tr\u00f3jmorza 2026"},"content":{"rendered":"\r\n<figure class=\"wp-block-image size-large\"><img loading=\"lazy\" width=\"1024\" height=\"683\" src=\"https:\/\/congress.lubelskie.pl\/wp-content\/uploads\/2026\/03\/DSC_7313-1024x683.jpg\" alt=\"\" class=\"wp-image-12388\" srcset=\"https:\/\/congress.lubelskie.pl\/wp-content\/uploads\/2026\/03\/DSC_7313-1024x683.jpg 1024w, https:\/\/congress.lubelskie.pl\/wp-content\/uploads\/2026\/03\/DSC_7313-300x200.jpg 300w, https:\/\/congress.lubelskie.pl\/wp-content\/uploads\/2026\/03\/DSC_7313-768x512.jpg 768w, https:\/\/congress.lubelskie.pl\/wp-content\/uploads\/2026\/03\/DSC_7313-1536x1024.jpg 1536w, https:\/\/congress.lubelskie.pl\/wp-content\/uploads\/2026\/03\/DSC_7313.jpg 1620w\" sizes=\"(max-width: 1024px) 100vw, 1024px\" \/><\/figure>\r\n\r\n\r\n\r\n<p>W Lubelskim Centrum Konferencyjnym odby\u0142o si\u0119 posiedzenie Rady Programowej Samorz\u0105dowego Kongresu Tr\u00f3jmorza pod przewodnictwem Prezesa Instytutu Rozwoju Samorz\u0105du Terytorialnego Wojew\u00f3dztwa Lubelskiego, prof. Ma\u0142gorzaty Ganczar. By\u0142o to pierwsze spotkanie nowej Rady na 2026 rok skupiaj\u0105cej przedstawicieli r\u00f3\u017cnych dziedzin nauki z kraju i zagranicy, kt\u00f3rzy w swej pracy realizuj\u0105 ide\u0119 inicjatywy tr\u00f3jmorskiej.<\/p>\r\n\r\n\r\n\r\n<p>Sk\u0142ad Rady znajduje si\u0119 pod linkiem: <a href=\"https:\/\/congress.lubelskie.pl\/wp-content\/uploads\/2026\/03\/Rada-Programowa-SKT-2026.docx\" data-type=\"URL\" data-id=\"https:\/\/congress.lubelskie.pl\/wp-content\/uploads\/2026\/03\/Rada-Programowa-SKT-2026.docx\" target=\"_blank\" rel=\"noreferrer noopener\">Rada Programowa 2026<\/a><\/p>\r\n\r\n\r\n\r\n<p>Cz\u0142onkowie Rady zaakceptowali za\u0142o\u017cenia programowe VI edycji Kongresu i regulamin przyznawania nagrody \u201eMi\u0119dzynarodowy Sukces w obszarze Tr\u00f3jmorza\u201d. Rada wy\u0142oni laureat\u00f3w w czterech obszarach: <em>Firma mi\u0119dzynarodowa, Firma regionalna, Osoba, kt\u00f3ra przyczyni\u0142a si\u0119 do rozwoju Inicjatywy Tr\u00f3jmorza<\/em> oraz w nowej kategorii <em>Bezpiecze\u0144stwo. <\/em>Termin zg\u0142oszenia kandydat\u00f3w do nagr\u00f3d mija 20 kwietnia 2026 r. na adres: <a href=\"mailto:irst.lubelskie@gmail.com\">irst.lubelskie@gmail.com.<\/a> Regulamin oraz formularz konkursowy do pobrania poni\u017cej:<\/p>\r\n\r\n\r\n\r\n<p>&#8211; regulamin<\/p>\r\n\r\n\r\n\r\n<div class=\"wp-block-file\"><a id=\"wp-block-file--media-a144bff3-8ce2-4797-ba21-ccad83c35841\" href=\"https:\/\/congress.lubelskie.pl\/wp-content\/uploads\/2026\/03\/REGULAMIN-Nagrody-3-SI-2026-FINAL.docx\" target=\"_blank\" rel=\"noreferrer noopener\">REGULAMIN PL<\/a><a href=\"https:\/\/congress.lubelskie.pl\/wp-content\/uploads\/2026\/03\/REGULAMIN-Nagrody-3-SI-2026-FINAL.docx\" class=\"wp-block-file__button\" download aria-describedby=\"wp-block-file--media-a144bff3-8ce2-4797-ba21-ccad83c35841\">Pobierz<\/a><\/div>\r\n\r\n\r\n\r\n<div class=\"wp-block-file\"><a id=\"wp-block-file--media-06898ea0-9492-4ed3-8365-2e92b113fc33\" href=\"https:\/\/congress.lubelskie.pl\/wp-content\/uploads\/2026\/03\/REGULAMIN-Nagrody-3-SI-2026-fin-ENG.docx\" target=\"_blank\" rel=\"noreferrer noopener\">REGULAMIN EN<\/a><a href=\"https:\/\/congress.lubelskie.pl\/wp-content\/uploads\/2026\/03\/REGULAMIN-Nagrody-3-SI-2026-fin-ENG.docx\" class=\"wp-block-file__button\" download aria-describedby=\"wp-block-file--media-06898ea0-9492-4ed3-8365-2e92b113fc33\">Pobierz<\/a><\/div>\r\n\r\n\r\n\r\n<p>&#8211; formularz<\/p>\r\n\r\n\r\n\r\n<div class=\"wp-block-file\"><a id=\"wp-block-file--media-1343a27d-a5de-4cdc-b22e-ce2b53463b98\" href=\"https:\/\/congress.lubelskie.pl\/wp-content\/uploads\/2026\/03\/FORMULARZ-Nagrody-3Si-2026-FINAL.docx\" target=\"_blank\" rel=\"noreferrer noopener\">FORMULARZ PL<\/a><a href=\"https:\/\/congress.lubelskie.pl\/wp-content\/uploads\/2026\/03\/FORMULARZ-Nagrody-3Si-2026-FINAL.docx\" class=\"wp-block-file__button\" download aria-describedby=\"wp-block-file--media-1343a27d-a5de-4cdc-b22e-ce2b53463b98\">Pobierz<\/a><\/div>\r\n\r\n\r\n\r\n<div class=\"wp-block-file\"><a id=\"wp-block-file--media-382925e5-22a2-424e-9200-27267bc2b36a\" href=\"https:\/\/congress.lubelskie.pl\/wp-content\/uploads\/2026\/03\/FORMULARZ-Nagrody-3Si-2026-FINAL-ENG.docx\" target=\"_blank\" rel=\"noreferrer noopener\">FORMULARZ EN<\/a><a href=\"https:\/\/congress.lubelskie.pl\/wp-content\/uploads\/2026\/03\/FORMULARZ-Nagrody-3Si-2026-FINAL-ENG.docx\" class=\"wp-block-file__button\" download aria-describedby=\"wp-block-file--media-382925e5-22a2-424e-9200-27267bc2b36a\">Pobierz<\/a><\/div>\r\n\r\n\r\n\r\n<p><\/p>\r\n\r\n\r\n\r\n<figure class=\"wp-block-image size-large\"><img loading=\"lazy\" width=\"1024\" height=\"683\" src=\"https:\/\/congress.lubelskie.pl\/wp-content\/uploads\/2026\/03\/DSC_7253-1024x683.jpg\" alt=\"\" class=\"wp-image-12390\" srcset=\"https:\/\/congress.lubelskie.pl\/wp-content\/uploads\/2026\/03\/DSC_7253-1024x683.jpg 1024w, https:\/\/congress.lubelskie.pl\/wp-content\/uploads\/2026\/03\/DSC_7253-300x200.jpg 300w, https:\/\/congress.lubelskie.pl\/wp-content\/uploads\/2026\/03\/DSC_7253-768x512.jpg 768w, https:\/\/congress.lubelskie.pl\/wp-content\/uploads\/2026\/03\/DSC_7253-1536x1024.jpg 1536w, https:\/\/congress.lubelskie.pl\/wp-content\/uploads\/2026\/03\/DSC_7253.jpg 1620w\" sizes=\"(max-width: 1024px) 100vw, 1024px\" \/><\/figure>\r\n\r\n\r\n\r\n<p>Tegoroczny Kongres zostanie podzielony na pi\u0119\u0107 for\u00f3w tematycznych: mi\u0119dzynarodowe, naukowe, gospodarcze, bezpiecze\u0144stwa i m\u0142odzie\u017cy. Jak zaznaczy\u0142 p. Marcin Szewczak \u2013 Cz\u0142onek Zarz\u0105du Woj. Lubelskiego, kongres sta\u0142 si\u0119 swoist\u0105 mark\u0105, kt\u00f3ra pod patronatem nowo wybranego Prezydenta RP, w tym roku mo\u017ce wej\u015b\u0107 w nowy etap w podej\u015bciu do kwestii Tr\u00f3jmorza. Agenda wydarzenia obfituje w tematy wa\u017cne z punktu widzenia regionu, kraju oraz Europy \u015arodkowej i Wschodniej i stanowi\u0107 b\u0119dzie aktywn\u0105 platform\u0119 do wymiany najbardziej aktualnej wiedzy, jak r\u00f3wnie\u017c b\u0119dzie miejscem nawi\u0105zywania kontakt\u00f3w i wzajemnego poznawania dziedzictwa historycznego.<\/p>\r\n\r\n\r\n\r\n<p>Zapraszamy do rejestrowania si\u0119 na VI edycj\u0119 wydarzenia, kt\u00f3ra odb\u0119dzie si\u0119 w dniach 27-28 maja 2026 r. w Lublinie.<\/p>\r\n","protected":false},"excerpt":{"rendered":"<p>W Lubelskim Centrum Konferencyjnym odby\u0142o si\u0119 posiedzenie Rady Programowej Samorz\u0105dowego Kongresu Tr\u00f3jmorza pod przewodnictwem Prezesa Instytutu Rozwoju Samorz\u0105du Terytorialnego Wojew\u00f3dztwa Lubelskiego, prof. Ma\u0142gorzaty Ganczar. By\u0142o to pierwsze spotkanie nowej Rady na 2026 rok skupiaj\u0105cej przedstawicieli r\u00f3\u017cnych dziedzin nauki z kraju i zagranicy, kt\u00f3rzy w swej pracy realizuj\u0105 ide\u0119 inicjatywy tr\u00f3jmorskiej. Sk\u0142ad Rady znajduje si\u0119 pod [&hellip;]<\/p>\n","protected":false},"author":20,"featured_media":12384,"comment_status":"closed","ping_status":"open","sticky":false,"template":"","format":"standard","meta":{"ngg_post_thumbnail":0},"categories":[4],"tags":[],"acf":[],"_links":{"self":[{"href":"https:\/\/congress.lubelskie.pl\/en\/wp-json\/wp\/v2\/posts\/12383"}],"collection":[{"href":"https:\/\/congress.lubelskie.pl\/en\/wp-json\/wp\/v2\/posts"}],"about":[{"href":"https:\/\/congress.lubelskie.pl\/en\/wp-json\/wp\/v2\/types\/post"}],"author":[{"embeddable":true,"href":"https:\/\/congress.lubelskie.pl\/en\/wp-json\/wp\/v2\/users\/20"}],"replies":[{"embeddable":true,"href":"https:\/\/congress.lubelskie.pl\/en\/wp-json\/wp\/v2\/comments?post=12383"}],"version-history":[{"count":3,"href":"https:\/\/congress.lubelskie.pl\/en\/wp-json\/wp\/v2\/posts\/12383\/revisions"}],"predecessor-version":[{"id":12405,"href":"https:\/\/congress.lubelskie.pl\/en\/wp-json\/wp\/v2\/posts\/12383\/revisions\/12405"}],"wp:featuredmedia":[{"embeddable":true,"href":"https:\/\/congress.lubelskie.pl\/en\/wp-json\/wp\/v2\/media\/12384"}],"wp:attachment":[{"href":"https:\/\/congress.lubelskie.pl\/en\/wp-json\/wp\/v2\/media?parent=12383"}],"wp:term":[{"taxonomy":"category","embeddable":true,"href":"https:\/\/congress.lubelskie.pl\/en\/wp-json\/wp\/v2\/categories?post=12383"},{"taxonomy":"post_tag","embeddable":true,"href":"https:\/\/congress.lubelskie.pl\/en\/wp-json\/wp\/v2\/tags?post=12383"}],"curies":[{"name":"wp","href":"https:\/\/api.w.org\/{rel}","templated":true}]}}